{"id":791,"date":"2013-03-21T21:11:57","date_gmt":"2013-03-21T20:11:57","guid":{"rendered":"http:\/\/www.mc-demmin.de\/wp\/?p=791"},"modified":"2015-03-20T09:42:12","modified_gmt":"2015-03-20T08:42:12","slug":"kein-demminer-mopedrennen-mehr","status":"publish","type":"post","link":"https:\/\/www.mc-demmin.de\/wp\/?p=791","title":{"rendered":"Pressemitteilung 21.03.2013: kein Demminer Mopedrennen mehr"},"content":{"rendered":"<p style=\"text-align: justify;\">Im Ergebnis vieler \u00dcberlegungen, Beratungen und der Suche nach Alternativen m\u00fcssen wir als Vorstand des MC-Demmin bekannt geben, dass es ein Demminer Mopedrennen, wie bisher bekannt, nicht mehr geben wird. Mit dem 10. Demminer Mopedrennen 2012 schlie\u00dfen wir diese Tradition und schaffen Platz f\u00fcr was Neues. Wir bedanken uns bei Allen die uns daf\u00fcr immer anerkennend auf die Schulter geklopft haben. F\u00fcr Euch haben wir die Rennen gemacht.<\/p>\n<p style=\"text-align: justify;\">Leider steht uns durch Grundst\u00fcckverk\u00e4ufe des Fl\u00e4cheneigent\u00fcmers nicht mehr gen\u00fcgend Platz f\u00fcr die Ausrichtung solcher Rennen zur Verf\u00fcgung, weder f\u00fcr eine attraktive Rennstrecke noch f\u00fcr eine ausreichende Anzahl an Parkpl\u00e4tzen. Sogar die Gr\u00f6\u00dfe des Fahrerlagers ist dem Anspruch nicht mehr gewachsen. Dadurch werden wir die Auflagen einer m\u00f6glichen Genehmigung durch das zust\u00e4ndige Ordnungsamt nicht mehr erf\u00fcllen k\u00f6nnen.<br \/>\nDie mit der Hansestadt Demmin gemeinsame Suche nach Alternativen und M\u00f6glichkeiten war bisher erfolglos.<\/p>\n<p style=\"text-align: justify;\">Unser Fokus f\u00fcr die kommenden Jahre wird wieder auf die Austragung von Moto-Cross-Rennen gerichtet sein. Wir werden aber auch die Simsons sicher nicht vergessen. Aber das alles dann wieder, so wie ihr es von uns gewohnt seid, mit Herzblut und zu 100%.<\/p>\n<p style=\"text-align: justify;\">Wenn man einen gro\u00dfen Sprung machen will, muss man vorher ein paar Schritte zur\u00fcckgehen und Anlauf nehmen. Wir werden also jetzt diese 2 Schritte zur\u00fcckgehen und in diesem Jahr keine gro\u00dfe Veranstaltung ausrichten.<\/p>\n<p style=\"text-align: justify;\">Steffen Teetz<\/p>\n<p style=\"text-align: justify;\">im Namen des Vorstandes des MC-Demmin e. V.<\/p>\n","protected":false},"excerpt":{"rendered":"<p>Im Ergebnis vieler \u00dcberlegungen, Beratungen und der Suche nach Alternativen m\u00fcssen wir als Vorstand des MC-Demmin bekannt geben, dass es ein Demminer Mopedrennen, wie bisher bekannt, nicht mehr geben wird. Mit dem 10. Demminer Mopedrennen 2012 schlie\u00dfen wir diese Tradition und schaffen Platz f\u00fcr was Neues. Wir bedanken uns bei Allen die uns daf\u00fcr immer [&hellip;]<\/p>\n","protected":false},"author":4,"featured_media":0,"comment_status":"open","ping_status":"open","sticky":false,"template":"","format":"standard","meta":{"footnotes":""},"categories":[5],"tags":[],"class_list":["post-791","post","type-post","status-publish","format-standard","hentry","category-mopedrennen"],"_links":{"self":[{"href":"https:\/\/www.mc-demmin.de\/wp\/index.php?rest_route=\/wp\/v2\/posts\/791","targetHints":{"allow":["GET"]}}],"collection":[{"href":"https:\/\/www.mc-demmin.de\/wp\/index.php?rest_route=\/wp\/v2\/posts"}],"about":[{"href":"https:\/\/www.mc-demmin.de\/wp\/index.php?rest_route=\/wp\/v2\/types\/post"}],"author":[{"embeddable":true,"href":"https:\/\/www.mc-demmin.de\/wp\/index.php?rest_route=\/wp\/v2\/users\/4"}],"replies":[{"embeddable":true,"href":"https:\/\/www.mc-demmin.de\/wp\/index.php?rest_route=%2Fwp%2Fv2%2Fcomments&post=791"}],"version-history":[{"count":3,"href":"https:\/\/www.mc-demmin.de\/wp\/index.php?rest_route=\/wp\/v2\/posts\/791\/revisions"}],"predecessor-version":[{"id":950,"href":"https:\/\/www.mc-demmin.de\/wp\/index.php?rest_route=\/wp\/v2\/posts\/791\/revisions\/950"}],"wp:attachment":[{"href":"https:\/\/www.mc-demmin.de\/wp\/index.php?rest_route=%2Fwp%2Fv2%2Fmedia&parent=791"}],"wp:term":[{"taxonomy":"category","embeddable":true,"href":"https:\/\/www.mc-demmin.de\/wp\/index.php?rest_route=%2Fwp%2Fv2%2Fcategories&post=791"},{"taxonomy":"post_tag","embeddable":true,"href":"https:\/\/www.mc-demmin.de\/wp\/index.php?rest_route=%2Fwp%2Fv2%2Ftags&post=791"}],"curies":[{"name":"wp","href":"https:\/\/api.w.org\/{rel}","templated":true}]}}