{"id":133,"date":"2008-09-20T20:29:29","date_gmt":"2008-09-20T18:29:29","guid":{"rendered":"http:\/\/www.mc-demmin.de\/?p=133"},"modified":"2008-09-26T11:46:39","modified_gmt":"2008-09-26T09:46:39","slug":"mopedrennen-2008","status":"publish","type":"post","link":"https:\/\/www.mc-demmin.de\/wp\/?p=133","title":{"rendered":"6. Mopedrennen 2008"},"content":{"rendered":"<p class=\"MsoNormal\" style=\"text-align: justify;\"><img loading=\"lazy\" decoding=\"async\" style=\"float: left;\" src=\"http:\/\/www.mc-demmin.de\/Bilder\/080920_017.jpg\" alt=\"\" width=\"150\" height=\"121\" \/><\/p>\n<p class=\"MsoNormal\" style=\"text-align: justify;\"><strong><span style=\"font-family: verdana,geneva;\"><span style=\"font-size: 10pt; font-family: Verdana;\">6. Demminer Mopedrennen <\/span><\/span><\/strong><\/p>\n<p class=\"MsoNormal\" style=\"text-align: justify;\"><span style=\"font-family: verdana,geneva;\"><span style=\"font-size: 10pt; font-family: Verdana;\"> <\/span><\/span><\/p>\n<p class=\"MsoNormal\" style=\"text-align: justify;\"><span style=\"font-size: 10pt; font-family: Verdana;\"><span style=\"font-family: verdana,geneva;\">Ein Jahr wurde geschraubt, getestet, erfunden, wieder verworfen. Nun war es endlich wieder so weit. 102 Fahrer schoben am Samstag, den 20.09. ihre auf Gel\u00e4ndesport getrimmten Simsons in Demmin an den Start. Der Tag, dem alle Hobbyschrauber entgegenfieberten war gekommen. Der MC Demmin veranstaltete sein j\u00e4hrl<\/span>iches Mopedrennen, diesmal in der 6. Auflage. <\/span><\/p>\n<p class=\"MsoNormal\" style=\"text-align: justify;\"><span style=\"font-size: 10pt; font-family: Verdana;\">Dank der Unterst\u00fctzung der Hansestadt Demmin und einiger ortsans\u00e4ssigen Firmen konnten die Demminer den Teilnehmern wieder eine hochkar\u00e4tige Veranstaltung bieten.<\/span><\/p>\n<p class=\"MsoNormal\" style=\"text-align: justify;\"><span style=\"font-size: 10pt; font-family: Verdana;\">Beim Demminer Mopedrennen kann jeder, der ein Moped aus Simson-Produktion sein Eigen nennt, teilnehmen. Das Rennen dauerte 2 Stunden. Es ging auf einen Rundkurs auf und neben der Crossbahn in der \u201eVorwerker Schweiz\u201c. Wer in den 2 Stunden die meisten Runden schaffte, war Sieger.<\/span><\/p>\n<p class=\"MsoNormal\" style=\"text-align: justify;\"><span style=\"font-size: 10pt; font-family: Verdana;\">Fast das ganze Fahrerlager auf dem Gel\u00e4nde der Waschanlage Heinz Ditrich war voll \u201eMopedrenner\u201c, Mechaniker und Betreuer.<\/span><\/p>\n<p class=\"MsoNormal\" style=\"text-align: justify;\"><span style=\"font-size: 10pt; font-family: Verdana;\">Um 14 Uhr erfolgte der Massenstart auf der angrenzenden Wiese mit einem B\u00f6llerschu\u00df der Demminer Sch\u00fctzengilde e.V. als Startsignal. Die Fahrer mussten 50 Meter zu ihren Maschinen laufen, diese dann starten und los ging\u2019s. <\/span><\/p>\n<p class=\"MsoNormal\" style=\"text-align: justify;\"><span class=\"text\"><span style=\"font-size: 10pt; font-family: Verdana;\">Das Wetter war dieses Mal auf Seiten des Veranstalters. Aber leicht hat die Strecke es den Fahrern trotzdem nicht gemacht. Fast die gesamte Crossbahn wurde diesmal in den Streckenverlauf mit einbezogen. So galt es zahlreiche Auffahrten zu erklimmen. Auf der Wiese vor der Zeitnahme mussten die Fahrer zus\u00e4tzlich noch in einem <\/span><\/span><span style=\"font-size: 10pt; font-family: Verdana;\">Parcours<\/span><span class=\"text\"><span style=\"font-size: 10pt; font-family: Verdana;\"> aus querliegenden Baumst\u00e4mmen ihre Geschicklichkeit unter Beweis stellen. Gut 1000 Zuschauer lie\u00dfen sich das Spektakel nicht entgehen.<\/span><\/span><\/p>\n<p class=\"MsoNormal\" style=\"text-align: justify;\"><span class=\"text\"><span style=\"font-size: 10pt; font-family: Verdana;\">Gewertet wurde in 2 Klassen bis 60 ccm und \u00fcber 60 ccm.<\/span><\/span><\/p>\n<p class=\"MsoNormal\" style=\"text-align: justify;\"><span class=\"text\"><span style=\"font-size: 10pt; font-family: Verdana;\">In der kleinen Klasse bis 60 ccm fuhren 72 Fahrer in Wertung. Bester von Ihnen wurde mit 38 Runden Christoph Rach aus Schwerin vom Team Burmeister, gefolgt vom 47-j\u00e4hrigen Uwe Franz aus Dargun. Dritter wurde Peter Neunzling aus Pinnow ebenfalls vom Team Burmeister, der auch den Pokal f\u00fcr das sch\u00f6nste Moped gewann. In der Klasse \u00fcber 60 ccm konnte der Vorjahressieger Rolf Peter aus Waren seinen Titel verteidigen und siegte mit 37 Runden vor Guido Binder aus Bernau. Dritter wurde Johannes M\u00fcller aus Lichtentanne (Sachsen). Als bester Einheimischer in dieser Klasse belegte Mike Winkelmann aus Demmin den 12. Platz. Zus\u00e4tzlich gab es noch einige Sonderehrungen. So wurde Peter Otto aus Waren mit 66 Jahren als \u201e\u00e4ltester Sack im Rennen\u201c geehrt. Den Pokal f\u00fcr den besten Nachwuchsfahrer bekam der 11-j\u00e4hrige Max Mann aus Mariendorf (R\u00fcgen). Der Teamchef<span> <\/span>vom Demminer Team \u201edas 4-Eck\u201c Denny Kantz stiftete dieses Jahr noch einen selbstgebauten Wanderpokal f\u00fcr das h\u00e4sslichste Moped. Dieser ging an Johannes Keil aus Neubukow f\u00fcr seinen \u201eSpezial-Spatz\u201c. Au\u00dferdem gewann der beste Fahrer des Landkreises Demmin in der Gesamtwertung, Uwe Franz, noch ein von der ortsans\u00e4ssigen Elektrofirma Drewes Electronics gestiftetes hochwertiges Outdoor-Handy. <\/span><\/span><\/p>\n<p class=\"MsoNormal\" style=\"text-align: justify;\"><span class=\"text\"><span style=\"font-size: 10pt; font-family: Verdana;\">Der Veranstalter sagte eine Wiederholung im n\u00e4chsten Jahr bereits fest zu. Einige \u00c4nderungen im Reglement soll es aber geben, um die Chancengleich zu gew\u00e4hrleisten und mehr Pokale \u201eunter die Leute zu bringen\u201c. So soll es im n\u00e4chsten Jahr nun auch die seit l\u00e4ngeren von den Fahrern geforderte Klasse nur f\u00fcr Serienfahrzeuge, bei denen nichts ver\u00e4ndert werden darf, geben. <\/span><\/span><\/p>\n<p class=\"MsoNormal\" style=\"text-align: justify;\">K-U\u00a0 Jahns<\/p>\n<p><!--[if gte mso 9]><xml> <w:WordDocument> <w:View>Normal<\/w:View> <w:Zoom>0<\/w:Zoom> <w:HyphenationZone>21<\/w:HyphenationZone> <w:PunctuationKerning \/> <w:ValidateAgainstSchemas \/> <w:SaveIfXMLInvalid>false<\/w:SaveIfXMLInvalid> <w:IgnoreMixedContent>false<\/w:IgnoreMixedContent> <w:AlwaysShowPlaceholderText>false<\/w:AlwaysShowPlaceholderText> <w:Compatibility> <w:BreakWrappedTables \/> <w:SnapToGridInCell \/> <w:WrapTextWithPunct \/> <w:UseAsianBreakRules \/> <w:DontGrowAutofit \/> <\/w:Compatibility> <w:BrowserLevel>MicrosoftInternetExplorer4<\/w:BrowserLevel> <\/w:WordDocument> <\/xml><![endif]--><!--[if gte mso 9]><xml> <w:LatentStyles DefLockedState=\"false\" LatentStyleCount=\"156\"> <\/w:LatentStyles> <\/xml><![endif]--><\/p>\n<p class=\"MsoNormal\" style=\"text-align: justify;\"><a href=\"http:\/\/www.mc-demmin.de\/Bilder\/2008moped\/index1.html\" target=\"_blank\"><span style=\"font-family: verdana,geneva; font-size: x-small;\"><br \/>\n<\/span><\/a><\/p>\n<p class=\"MsoNormal\" style=\"text-align: justify;\"><strong><a href=\"http:\/\/www.mc-demmin.de\/Bilder\/2008moped\/index1.html\" target=\"_blank\"><span style=\"font-family: verdana,geneva; font-size: x-small;\">Hier die Bilder vom Rennen<\/span><\/a><\/strong><\/p>\n<p>Hier die Ergebnisse: <a href=\"..\/..\/080920_Moped.pdf\" target=\"_blank\">Klasse Moped<\/a> <a href=\"..\/..\/080920_Open.pdf\" target=\"_blank\">Klasse Open<\/a> <a href=\"..\/..\/080920_Gesamtwertung.pdf\" target=\"_blank\">Gesamtwertung<\/a><\/p>\n","protected":false},"excerpt":{"rendered":"<p>6. Demminer Mopedrennen Ein Jahr wurde geschraubt, getestet, erfunden, wieder verworfen. Nun war es endlich wieder so weit. 102 Fahrer schoben am Samstag, den 20.09. ihre auf Gel\u00e4ndesport getrimmten Simsons in Demmin an den Start. Der Tag, dem alle Hobbyschrauber entgegenfieberten war gekommen. Der MC Demmin veranstaltete sein j\u00e4hrliches Mopedrennen, diesmal in der 6. Auflage. [&hellip;]<\/p>\n","protected":false},"author":4,"featured_media":0,"comment_status":"open","ping_status":"open","sticky":false,"template":"","format":"standard","meta":{"footnotes":""},"categories":[5],"tags":[],"class_list":["post-133","post","type-post","status-publish","format-standard","hentry","category-mopedrennen"],"_links":{"self":[{"href":"https:\/\/www.mc-demmin.de\/wp\/index.php?rest_route=\/wp\/v2\/posts\/133","targetHints":{"allow":["GET"]}}],"collection":[{"href":"https:\/\/www.mc-demmin.de\/wp\/index.php?rest_route=\/wp\/v2\/posts"}],"about":[{"href":"https:\/\/www.mc-demmin.de\/wp\/index.php?rest_route=\/wp\/v2\/types\/post"}],"author":[{"embeddable":true,"href":"https:\/\/www.mc-demmin.de\/wp\/index.php?rest_route=\/wp\/v2\/users\/4"}],"replies":[{"embeddable":true,"href":"https:\/\/www.mc-demmin.de\/wp\/index.php?rest_route=%2Fwp%2Fv2%2Fcomments&post=133"}],"version-history":[{"count":0,"href":"https:\/\/www.mc-demmin.de\/wp\/index.php?rest_route=\/wp\/v2\/posts\/133\/revisions"}],"wp:attachment":[{"href":"https:\/\/www.mc-demmin.de\/wp\/index.php?rest_route=%2Fwp%2Fv2%2Fmedia&parent=133"}],"wp:term":[{"taxonomy":"category","embeddable":true,"href":"https:\/\/www.mc-demmin.de\/wp\/index.php?rest_route=%2Fwp%2Fv2%2Fcategories&post=133"},{"taxonomy":"post_tag","embeddable":true,"href":"https:\/\/www.mc-demmin.de\/wp\/index.php?rest_route=%2Fwp%2Fv2%2Ftags&post=133"}],"curies":[{"name":"wp","href":"https:\/\/api.w.org\/{rel}","templated":true}]}}