{"id":1138,"date":"2016-06-21T06:50:23","date_gmt":"2016-06-21T05:50:23","guid":{"rendered":"http:\/\/www.mc-demmin.de\/wp\/?p=1138"},"modified":"2016-06-21T06:59:33","modified_gmt":"2016-06-21T05:59:33","slug":"vellahner-toni-hoffmann-festigt-motocross-lm-fuehrung-in-demmin","status":"publish","type":"post","link":"https:\/\/www.mc-demmin.de\/wp\/?p=1138","title":{"rendered":"Vellahner Toni Hoffmann festigt Motocross-LM-F\u00fchrung in Demmin"},"content":{"rendered":"<p>Demmin: Beim Motocrossrennen des MC Demmin in der Vorwerker Schweiz gab es mit 160 Startern in f\u00fcnf Klassen, um Punkte f\u00fcr die Landesmeisterschaft und den Landespokal eine Rekordbeteiligung Bei \u00fcber 10 Stunden Aktion, kam dennoch keine Langeweile auf, denn spannende Rennen \u00fcberzeugten die 1.200 Zuschauer.<\/p>\n<p>Zwei Teilnehmer \u00fcberzeugten besonders. In der Klasse MX2 gewann Toni Hoffmann vom MC Vellahn \u00fcberlegen vor Dan Kirchenstein f\u00fcr Burg Stargard und dem Neustrelitzer Michel Suhr. \u201eIch freue mich \u00fcber meine derzeitige Form, aber mein gro\u00dfes Ziel ist es, in der MX1 den Titel zu holen,\u201c gab der Sieger bei der Ehrung zu Protokoll.<\/p>\n<p>Genauso \u00fcberzeugend gewann die Wolgasterin Linda Linsay Kramell beide Wertungsl\u00e4ufe um den Ladies-Landespokal. Mit der Beteiligung von 23 Starterinnen aus den Bundesl\u00e4ndern Berlin\/Brandenburg und M-V war die Beteiligung ausgezeichnet.<\/p>\n<p>Einen weiteren Wolgaster Sieg gab es bei den Senioren ab 45, mit Veit Scheddin, der unangefochten die Gesamtf\u00fchrung beh\u00e4lt.<\/p>\n<p>Nach Halbfinall\u00e4ufen gewann Charlie Dahlmann aus Gro\u00df Schwiesow das Finale vor Leynes Wandrey aus Schwerin und dem Ueckerm\u00fcnder Paul Becker. In der Gesamtwertung hat Dahlmann 20 Punkte Vorsprung vor Becker.<\/p>\n<p>Begeistert verfolgten die Zuschauer die beiden Wertungsl\u00e4ufe der 19 Jungen und M\u00e4dchen in der 50 ccm-Klasse um Punkte f\u00fcr die Landesmeisterschaft. Mit zwei Laufsiegen war Julian Kayser aus Prisannewitz der Beste vor Matti Schlahn von den Warnowcrossern und dem Tessiner Karl von Glowacki.<\/p>\n<p>Horst Kaiser<\/p>\n<p><a href=\"http:\/\/www.ab-zum-rennen.de\/ergebnisse\/tagesergebnisse\/2016\/06\/19_Demmin\/index.html\" target=\"_blank\">Hier die Ergebnisse<\/a><\/p>\n<p><img loading=\"lazy\" decoding=\"async\" class=\"size-full wp-image-1140 alignleft\" src=\"https:\/\/www.mc-demmin.de\/wp\/wp-content\/uploads\/2016\/06\/160619_01.jpg\" alt=\"160619_01\" width=\"500\" height=\"389\" srcset=\"https:\/\/www.mc-demmin.de\/wp\/wp-content\/uploads\/2016\/06\/160619_01.jpg 500w, https:\/\/www.mc-demmin.de\/wp\/wp-content\/uploads\/2016\/06\/160619_01-300x233.jpg 300w\" sizes=\"auto, (max-width: 500px) 100vw, 500px\" \/><img loading=\"lazy\" decoding=\"async\" class=\"size-full wp-image-1142 alignleft\" src=\"https:\/\/www.mc-demmin.de\/wp\/wp-content\/uploads\/2016\/06\/160619_02.jpg\" alt=\"160619_02\" width=\"500\" height=\"302\" srcset=\"https:\/\/www.mc-demmin.de\/wp\/wp-content\/uploads\/2016\/06\/160619_02.jpg 500w, https:\/\/www.mc-demmin.de\/wp\/wp-content\/uploads\/2016\/06\/160619_02-300x181.jpg 300w\" sizes=\"auto, (max-width: 500px) 100vw, 500px\" \/><img loading=\"lazy\" decoding=\"async\" class=\"size-full wp-image-1143 alignleft\" src=\"https:\/\/www.mc-demmin.de\/wp\/wp-content\/uploads\/2016\/06\/160619_03.jpg\" alt=\"160619_03\" width=\"500\" height=\"318\" srcset=\"https:\/\/www.mc-demmin.de\/wp\/wp-content\/uploads\/2016\/06\/160619_03.jpg 500w, https:\/\/www.mc-demmin.de\/wp\/wp-content\/uploads\/2016\/06\/160619_03-300x191.jpg 300w\" sizes=\"auto, (max-width: 500px) 100vw, 500px\" \/><\/p>\n<p><img loading=\"lazy\" decoding=\"async\" class=\"size-full wp-image-1144 alignleft\" src=\"https:\/\/www.mc-demmin.de\/wp\/wp-content\/uploads\/2016\/06\/160619_04.jpg\" alt=\"160619_04\" width=\"500\" height=\"307\" srcset=\"https:\/\/www.mc-demmin.de\/wp\/wp-content\/uploads\/2016\/06\/160619_04.jpg 500w, https:\/\/www.mc-demmin.de\/wp\/wp-content\/uploads\/2016\/06\/160619_04-300x184.jpg 300w\" sizes=\"auto, (max-width: 500px) 100vw, 500px\" \/><img loading=\"lazy\" decoding=\"async\" class=\"size-full wp-image-1145 alignleft\" src=\"https:\/\/www.mc-demmin.de\/wp\/wp-content\/uploads\/2016\/06\/160619_05.jpg\" alt=\"160619_05\" width=\"500\" height=\"375\" srcset=\"https:\/\/www.mc-demmin.de\/wp\/wp-content\/uploads\/2016\/06\/160619_05.jpg 500w, https:\/\/www.mc-demmin.de\/wp\/wp-content\/uploads\/2016\/06\/160619_05-300x225.jpg 300w\" sizes=\"auto, (max-width: 500px) 100vw, 500px\" \/><\/p>\n<p>&nbsp;<\/p>\n<p>&nbsp;<\/p>\n<p>&nbsp;<\/p>\n<p>&nbsp;<\/p>\n<p>&nbsp;<\/p>\n","protected":false},"excerpt":{"rendered":"<p>Demmin: Beim Motocrossrennen des MC Demmin in der Vorwerker Schweiz gab es mit 160 Startern in f\u00fcnf Klassen, um Punkte f\u00fcr die Landesmeisterschaft und den Landespokal eine Rekordbeteiligung Bei \u00fcber 10 Stunden Aktion, kam dennoch keine Langeweile auf, denn spannende Rennen \u00fcberzeugten die 1.200 Zuschauer. Zwei Teilnehmer \u00fcberzeugten besonders. In der Klasse MX2 gewann Toni [&hellip;]<\/p>\n","protected":false},"author":4,"featured_media":0,"comment_status":"open","ping_status":"open","sticky":false,"template":"","format":"standard","meta":{"footnotes":""},"categories":[4],"tags":[],"class_list":["post-1138","post","type-post","status-publish","format-standard","hentry","category-motocross"],"_links":{"self":[{"href":"https:\/\/www.mc-demmin.de\/wp\/index.php?rest_route=\/wp\/v2\/posts\/1138","targetHints":{"allow":["GET"]}}],"collection":[{"href":"https:\/\/www.mc-demmin.de\/wp\/index.php?rest_route=\/wp\/v2\/posts"}],"about":[{"href":"https:\/\/www.mc-demmin.de\/wp\/index.php?rest_route=\/wp\/v2\/types\/post"}],"author":[{"embeddable":true,"href":"https:\/\/www.mc-demmin.de\/wp\/index.php?rest_route=\/wp\/v2\/users\/4"}],"replies":[{"embeddable":true,"href":"https:\/\/www.mc-demmin.de\/wp\/index.php?rest_route=%2Fwp%2Fv2%2Fcomments&post=1138"}],"version-history":[{"count":3,"href":"https:\/\/www.mc-demmin.de\/wp\/index.php?rest_route=\/wp\/v2\/posts\/1138\/revisions"}],"predecessor-version":[{"id":1146,"href":"https:\/\/www.mc-demmin.de\/wp\/index.php?rest_route=\/wp\/v2\/posts\/1138\/revisions\/1146"}],"wp:attachment":[{"href":"https:\/\/www.mc-demmin.de\/wp\/index.php?rest_route=%2Fwp%2Fv2%2Fmedia&parent=1138"}],"wp:term":[{"taxonomy":"category","embeddable":true,"href":"https:\/\/www.mc-demmin.de\/wp\/index.php?rest_route=%2Fwp%2Fv2%2Fcategories&post=1138"},{"taxonomy":"post_tag","embeddable":true,"href":"https:\/\/www.mc-demmin.de\/wp\/index.php?rest_route=%2Fwp%2Fv2%2Ftags&post=1138"}],"curies":[{"name":"wp","href":"https:\/\/api.w.org\/{rel}","templated":true}]}}