{"id":109,"date":"2004-07-11T21:10:13","date_gmt":"2004-07-11T20:10:13","guid":{"rendered":"http:\/\/www.mc-demmin.de\/blog\/?p=109"},"modified":"2008-04-18T14:13:12","modified_gmt":"2008-04-18T13:13:12","slug":"crossrennen-2004","status":"publish","type":"post","link":"https:\/\/www.mc-demmin.de\/wp\/?p=109","title":{"rendered":"Crossrennen 2004"},"content":{"rendered":"<p align=\"justify\"><img loading=\"lazy\" decoding=\"async\" id=\"Bild9\" class=\"alignleft\" style=\"float: left; border: 0; margin: 0px;\" src=\"http:\/\/www.mc-demmin.de\/blog\/wp-content\/uploads\/2008\/04\/cross04.jpg\" border=\"0\" alt=\"\" hspace=\"0\" vspace=\"0\" width=\"150\" height=\"112\" align=\"right\" \/><span style=\"font-family: Arial,Helvetica,Geneva,Sans-serif,sans-serif;\">Am Sonntag dem 11.07. veranstaltete der MC Demmin e.V. sein 6. Moto-Cross-Rennen in der Vorwerker Schweiz in Demmin. Dieses Jahr wurden Landesmeisterschaftsl\u00e4ufe der Klassen 50 ccm, 65 ccm,  85 ccm, 125 ccm und 4-Takt ausgetragen. Die L\u00e4ufe der Klassen 50 und 65 ccm z\u00e4hlten gleichzeitig zum LVMX-Junior-Masters-Cup. Einer \u00fcberregionalen Meisterschaft der L\u00e4nder Mecklenburg-Vorpommern,  Berlin\/Brandenburg , Sachsen-Anhalt und Sachsen. So waren volle Fahrerfelder gesichert. Die angek\u00fcndigten Neuseel\u00e4nder konnten aus lizensrechtlichen Gr\u00fcnden leider nicht teilnehmen. <\/span><\/p>\n<p align=\"justify\"><span style=\"font-family: Arial,Helvetica,Geneva,Sans-serif,sans-serif;\">Wochenlang andauernde Regenschauer machten es dem Club nicht leicht, dass Rennen vorzubereiten. Noch bis zum Samstag vor dem Rennen hielten die Regenschauer an und so standen die Rennfahrer beim Besichtigen der Strecke teilweise kn\u00f6cheltief in der Modder. Dank kurzfristiger Unterst\u00fctzungen zahlreicher ortsans\u00e4ssiger Firmen und der Hansestadt Demmin konnte die Bahn aber trotzdem in einen guten fahrbaren Zustand verwandelt werden. Am Renntag meinte das Wetter es dann besser mit dem Veranstalter. W\u00e4hrend sich bei den Trainingsl\u00e4ufen am Vortag besonders die \u201eKleinen\u201c noch mehr oder weniger durch den Schlamm qu\u00e4lten, trocknete die Bahn zum Nachmittag bei Sonnenschein und Wind zunehmend ab und war zu den Rennen in fast optimalem Zustand.<\/span><\/p>\n<p align=\"justify\"><span style=\"font-family: Arial,Helvetica,Geneva,Sans-serif,sans-serif;\">Bei den 50-ern, wo kein Fahrer f\u00fcr den MC Demmin startete, zeigte Pit Hoffmann vom PSV Schwerin mit zwei Laufsiegen und somit dem Tagessieg vor der Konkurrenz aus den anderen Bundesl\u00e4ndern, dass in Meck-Pom die schnellsten Fahrer wohnen.<\/span><\/p>\n<p align=\"justify\"><span style=\"font-family: Arial,Helvetica,Geneva,Sans-serif,sans-serif;\">In der Klasse 65 ccm starteten gleich vier Fahrer f\u00fcr den Club. Der f\u00fcr Demmin startende Marvin Beier aus Frankfurt \/ Oder schnitt dabei mit Platz 5 in der Tageswertung am Besten ab. Ihm folgte der jetzt in Berlin wohnende, aber auch f\u00fcr Demmin startende Tobias Linke mit Platz 7. Die beiden einizigen \u201erichtigen\u201c Demminer Dan Kirchenstein aus Roidin und Sebastian Schmidt aus Neukalen landeten auf Platz 15 und 17. Kirchenstein war im ersten Lauf noch Neunter, fiel aber im zweiten Lauf aus und konnte vor Entt\u00e4uschung dar\u00fcber auch die Tr\u00e4nen nicht mehr zur\u00fcckhalten. Schmidt, der amtierende Landesmeister der Klasse 50 ccm aus dem Vorjahr, ist dieses Jahr in die 65er Klasse gewechselt und nutzt die Rennen, um Erfahrungen mit der gr\u00f6\u00dferen Maschine zu sammeln. Die Klasse 85 ccm gewann \u00fcberlegen der Greifswalder Ron Noffs mit zwei Laufsiegen. Der eigentlich f\u00fcr den MC Demmin startende Oskar Hotho, muss wegen einer noch nicht ausgeheilten Verletzung nun doch \u201eunters Messer\u201c. F\u00fcr ihn hat sich diese Saison somit erledigt.<\/span><\/p>\n<p align=\"justify\"><span style=\"font-family: Arial,Helvetica,Geneva,Sans-serif,sans-serif;\">Bei den 125ern mischte der Demminer Florian Kummerow kr\u00e4ftig mit. Gegen Fahrer wie den Tagessieger Lucas Millich, der \u00fcbrigens am kommenden Wochenende bei der Junioren-Weltmeisterschaft in Lettland f\u00fcr Deutschland an den Start geht, schlug er sich wacker und landete im vorderen Mittelfeld auf Platz 13.<\/span><\/p>\n<p align=\"justify\"><span style=\"font-family: Arial,Helvetica,Geneva,Sans-serif,sans-serif;\">Die Klasse 4-Takt bis 650 ccm gewann Michael Raub vom PSV Schwerin, vor dem Greifswalder Markus Hermann und Ronny Schulz vom MC L\u00fcbtheen. F\u00fcr den MC Demmin gingen hier drei Fahrer an den Start. Am besten schlug sich Endurospezi Steffen Mews, der das Rennen auf seiner Heimbahn mal als Gastauftritt bei einem Moto-Cross-Rennen nutzte und mit Tageslizenz startete. Er fuhr in der Tageswertung auf Platz 16 des 32 k\u00f6pfigen Fahrerfeldes. Mit ihm ging auch Rene Wodrich f\u00fcr den Club ins Rennen. Er konnte mit konstant gleicher Fahrweise einen sicheren 27. Platz einfahren. Pechvogel des Tages war der dritte im Bunde, Andreas Mielke. Nachdem er im ersten Rennen nach bereits 2 Runden ausfiel, wollte er es im zweiten Rennen noch mal wissen, st\u00fcrzte aber schwer und musste f\u00fcr weitere Untersuchungen mit dem Krankenwagen abtransportiert werden. <\/span><\/p>\n<p align=\"justify\"><span style=\"font-family: Arial,Helvetica,Geneva,Sans-serif,sans-serif;\">Bis auf die St\u00fcrze, die auch zum Moto-Cross dazugeh\u00f6ren, aber mit kleinen Ab\u00e4nderungen an der Bahn in Zukunft vielleicht auch noch minimiert werden k\u00f6nnen, war es eine gelungene Veranstaltung, f\u00fcr die nicht zuletzt die rund 1200 Zuschauer sprechen, die vor Ort waren. Somit hat sich das Moto-Cross-Rennen zur zuschauerst\u00e4rksten Sportveranstaltung in Demmin entwickelt. Als n\u00e4chstes Projekt steht am 04.09. das zweite Demminer Mopedrennen auf dem Veranstaltungsplan des Clubs, wof\u00fcr die Vorbereitungen bereits im Gange sind.<\/span><\/p>\n<p align=\"justify\"><span style=\"font-family: Arial,Helvetica,Geneva,Sans-serif,sans-serif;\">kuj<\/span><\/p>\n<p align=\"justify\"><a href=\"http:\/\/www.kujahns.de\/te040711.pdf\" target=\"_blank\"><span style=\"font-family: Arial,Helvetica,Geneva,Sans-serif,sans-serif;\">Ergebnisse vom Rennen<\/span><\/a><span style=\"font-family: Arial,Helvetica,Geneva,Sans-serif,sans-serif;\"> <\/span><a href=\"http:\/\/www.mc-demmin.de\/Bilder\/2004cross\/dem0411.htmll\" target=\"_blank\"><\/a><\/p>\n<p align=\"justify\"><a href=\"http:\/\/www.mc-demmin.de\/Bilder\/2004cross\/dem0411.htmll\" target=\"_blank\"><span style=\"font-family: Arial,Helvetica,Geneva,Sans-serif,sans-serif;\">Bilder vom Rennen<\/span><\/a><\/p>\n","protected":false},"excerpt":{"rendered":"<p>Am Sonntag dem 11.07. veranstaltete der MC Demmin e.V. sein 6. Moto-Cross-Rennen in der Vorwerker Schweiz in Demmin. Dieses Jahr wurden Landesmeisterschaftsl\u00e4ufe der Klassen 50 ccm, 65 ccm, 85 ccm, 125 ccm und 4-Takt ausgetragen. Die L\u00e4ufe der Klassen 50 und 65 ccm z\u00e4hlten gleichzeitig zum LVMX-Junior-Masters-Cup. Einer \u00fcberregionalen Meisterschaft der L\u00e4nder Mecklenburg-Vorpommern, Berlin\/Brandenburg , [&hellip;]<\/p>\n","protected":false},"author":4,"featured_media":0,"comment_status":"open","ping_status":"open","sticky":false,"template":"","format":"standard","meta":{"footnotes":""},"categories":[4],"tags":[],"class_list":["post-109","post","type-post","status-publish","format-standard","hentry","category-motocross"],"_links":{"self":[{"href":"https:\/\/www.mc-demmin.de\/wp\/index.php?rest_route=\/wp\/v2\/posts\/109","targetHints":{"allow":["GET"]}}],"collection":[{"href":"https:\/\/www.mc-demmin.de\/wp\/index.php?rest_route=\/wp\/v2\/posts"}],"about":[{"href":"https:\/\/www.mc-demmin.de\/wp\/index.php?rest_route=\/wp\/v2\/types\/post"}],"author":[{"embeddable":true,"href":"https:\/\/www.mc-demmin.de\/wp\/index.php?rest_route=\/wp\/v2\/users\/4"}],"replies":[{"embeddable":true,"href":"https:\/\/www.mc-demmin.de\/wp\/index.php?rest_route=%2Fwp%2Fv2%2Fcomments&post=109"}],"version-history":[{"count":0,"href":"https:\/\/www.mc-demmin.de\/wp\/index.php?rest_route=\/wp\/v2\/posts\/109\/revisions"}],"wp:attachment":[{"href":"https:\/\/www.mc-demmin.de\/wp\/index.php?rest_route=%2Fwp%2Fv2%2Fmedia&parent=109"}],"wp:term":[{"taxonomy":"category","embeddable":true,"href":"https:\/\/www.mc-demmin.de\/wp\/index.php?rest_route=%2Fwp%2Fv2%2Fcategories&post=109"},{"taxonomy":"post_tag","embeddable":true,"href":"https:\/\/www.mc-demmin.de\/wp\/index.php?rest_route=%2Fwp%2Fv2%2Ftags&post=109"}],"curies":[{"name":"wp","href":"https:\/\/api.w.org\/{rel}","templated":true}]}}