{"id":100,"date":"2003-06-29T20:04:08","date_gmt":"2003-06-29T19:04:08","guid":{"rendered":"http:\/\/www.mc-demmin.de\/blog\/?p=100"},"modified":"2008-04-18T13:51:10","modified_gmt":"2008-04-18T12:51:10","slug":"crossrennen-2003","status":"publish","type":"post","link":"https:\/\/www.mc-demmin.de\/wp\/?p=100","title":{"rendered":"Crossrennen 2003"},"content":{"rendered":"<p align=\"left\"><img loading=\"lazy\" decoding=\"async\" class=\"alignleft\" style=\"float: left;\" src=\"http:\/\/www.mc-demmin.de\/blog\/wp-content\/uploads\/2008\/04\/cross03.jpg\" alt=\"\" width=\"150\" height=\"112\" \/><strong><span style=\"font-family: Arial,Helvetica,Geneva,Sans-serif,sans-serif;\">Reno Almst\u00e4dt siegt bei Viertaktern &#8211; Mathias Linke in 125er vorn<\/span><\/strong><\/p>\n<p align=\"justify\"><span style=\"font-family: Arial,Helvetica,Geneva,Sans-serif,sans-serif;\">Demmin: 1000 Zuschauer erlebten beim 5. Demminer Moto-Cross auf der 1100 Meter langen Bahn in der Vorwerker Schweiz Klassel\u00e4ufe um die Landesmeisterschaft und das wohltuend im Vergleich zur  Vorwoche in K\u00f6lzin, ohne St\u00fcrze mit Verletzungsfolgen. Am spannendsten waren die L\u00e4ufe in der 125 ccm Klasse, denn da entschied der Sieg des Lokalmatadors Mathias Linke im zweiten Wertungslauf \u00fcber den Tagessieg vor dem Prisannewitzer Lucas Millich, der im ersten Lauf vorne lag. \u201eIch m\u00f6chte bei den Zuschauern bedanken, die mich mit ihrer Anfeuerung zum Sieg getragen haben,\u201c sagte der Demminer bei der Siegerehrung. \u201eF\u00fcr mich war es eine gelungene Generalprobe vor dem DM-Lauf am Sonntag in Prisannewitz, bei denen ich im Training zumindest f\u00fcr die beiden Wertungsl\u00e4ufe qualifizieren m\u00f6chte,\u201c schaut das noch 14-j\u00e4hrige Ausnahmetalent voraus. Millich \u00fcbernahm die F\u00fchrung in der Gesamtwertung vor Linke und dem Vorjahresmeister Guido Skoppek f\u00fcr Neustrelitz. Seinen ersten Tagessieg nach l\u00e4ngerer Pause erzielte Reno Almst\u00e4dt vom MC Wismar in der 4-Takt-Klasse. \u201eDieser Sieg gibt mir Zuversicht f\u00fcr die weiteren L\u00e4ufe, denn ich hatte nach meiner langen Verletzungspause im Vorjahr doch einige Zeit gebraucht, um den Anschluss wieder herszustellen,\u201csagte der Kfz-Meister bei der Siegerehrung. Pech hatten die f\u00fcr Demmin startenden Nicki Feist und Benjamin Kollberg in der Tageswertung, denn nach Maschinenproblemen sowie einem Sturz im zweiten Wertungslauf war ihre gute Ausgangsposition auf den Tagessieg dahin. In der Landesmeisterschafts-wertung liegen nach Demmin nunmehr die L\u00fcbtheener Markus Hermann und Ronny Schulz punktgleich an der Spitze. Beim Lauf der 85 ccm-Klasse siegte nach einer k\u00e4mpferisch starken Leistung der erst zehnj\u00e4hrige Greifswalder Ron Noffz vor dem weiterhin klar in der Gesamtwertung f\u00fchrenden R\u00fcganer Falko Karbautzki. Auf klarem Meisterschafftskurs befindet sich nach seinem erneuten Sieg in der 65 ccm-Klasse, der L\u00fcbtheener Hannes Schmidt. Bei den J\u00fcngsten auf 50 ccm-Maschinen  siegten der weiterhin f\u00fchrende Demminer Sebastian Schmidt und sein Verfolger Michel Suhr aus Neustrelitz je ein Mal. <\/span><\/p>\n<p align=\"justify\"><span style=\"font-family: Arial,Helvetica,Geneva,Sans-serif,sans-serif;\">Horst Kaiser<\/span><\/p>\n<p align=\"justify\"><a href=\"http:\/\/www.mc-demmin.de\/Bilder\/2003cross\/03cross1.html\" target=\"_blank\">Bilder vom Rennen hier<\/a><\/p>\n<p align=\"justify\"><strong>Ergebnisse<\/strong><\/p>\n<p align=\"justify\">\n<p style=\"text-align: center;\"><strong>50 ccm<\/strong><\/p>\n<p style=\"text-align: center;\"><img loading=\"lazy\" decoding=\"async\" src=\"http:\/\/www.mc-demmin.de\/blog\/wp-content\/uploads\/2008\/04\/03_50ccm.gif\" alt=\"\" width=\"705\" height=\"482\" \/><\/p>\n<p style=\"text-align: center;\"><strong>65 ccm<\/strong><\/p>\n<p style=\"text-align: center;\"><img loading=\"lazy\" decoding=\"async\" src=\"http:\/\/www.mc-demmin.de\/blog\/wp-content\/uploads\/2008\/04\/03_65ccm.gif\" alt=\"\" width=\"738\" height=\"1041\" \/><\/p>\n<p style=\"text-align: center;\"><strong>85 ccm<\/strong><\/p>\n<p style=\"text-align: center;\"><img decoding=\"async\" src=\"http:\/\/www.mc-demmin.de\/blog\/wp-content\/uploads\/2008\/04\/03_85ccm.gif\" alt=\"\" \/><\/p>\n<p style=\"text-align: center;\"><strong>125 ccm<\/strong><\/p>\n<p style=\"text-align: center;\"><img decoding=\"async\" src=\"http:\/\/www.mc-demmin.de\/blog\/wp-content\/uploads\/2008\/04\/03_125ccm.gif\" alt=\"\" \/><\/p>\n<p style=\"text-align: center;\"><strong>4-Takt<\/strong><\/p>\n<p style=\"text-align: center;\"><img decoding=\"async\" src=\"http:\/\/www.mc-demmin.de\/blog\/wp-content\/uploads\/2008\/04\/03_4t.gif\" alt=\"\" \/><\/p>\n<p align=\"justify\">\n","protected":false},"excerpt":{"rendered":"<p>Reno Almst\u00e4dt siegt bei Viertaktern &#8211; Mathias Linke in 125er vorn Demmin: 1000 Zuschauer erlebten beim 5. Demminer Moto-Cross auf der 1100 Meter langen Bahn in der Vorwerker Schweiz Klassel\u00e4ufe um die Landesmeisterschaft und das wohltuend im Vergleich zur Vorwoche in K\u00f6lzin, ohne St\u00fcrze mit Verletzungsfolgen. Am spannendsten waren die L\u00e4ufe in der 125 ccm [&hellip;]<\/p>\n","protected":false},"author":4,"featured_media":0,"comment_status":"open","ping_status":"open","sticky":false,"template":"","format":"standard","meta":{"footnotes":""},"categories":[4],"tags":[],"class_list":["post-100","post","type-post","status-publish","format-standard","hentry","category-motocross"],"_links":{"self":[{"href":"https:\/\/www.mc-demmin.de\/wp\/index.php?rest_route=\/wp\/v2\/posts\/100","targetHints":{"allow":["GET"]}}],"collection":[{"href":"https:\/\/www.mc-demmin.de\/wp\/index.php?rest_route=\/wp\/v2\/posts"}],"about":[{"href":"https:\/\/www.mc-demmin.de\/wp\/index.php?rest_route=\/wp\/v2\/types\/post"}],"author":[{"embeddable":true,"href":"https:\/\/www.mc-demmin.de\/wp\/index.php?rest_route=\/wp\/v2\/users\/4"}],"replies":[{"embeddable":true,"href":"https:\/\/www.mc-demmin.de\/wp\/index.php?rest_route=%2Fwp%2Fv2%2Fcomments&post=100"}],"version-history":[{"count":0,"href":"https:\/\/www.mc-demmin.de\/wp\/index.php?rest_route=\/wp\/v2\/posts\/100\/revisions"}],"wp:attachment":[{"href":"https:\/\/www.mc-demmin.de\/wp\/index.php?rest_route=%2Fwp%2Fv2%2Fmedia&parent=100"}],"wp:term":[{"taxonomy":"category","embeddable":true,"href":"https:\/\/www.mc-demmin.de\/wp\/index.php?rest_route=%2Fwp%2Fv2%2Fcategories&post=100"},{"taxonomy":"post_tag","embeddable":true,"href":"https:\/\/www.mc-demmin.de\/wp\/index.php?rest_route=%2Fwp%2Fv2%2Ftags&post=100"}],"curies":[{"name":"wp","href":"https:\/\/api.w.org\/{rel}","templated":true}]}}